{"id":9202,"global_id":"la.fccsm.net\/es?id=9202","global_id_lineage":["la.fccsm.net\/es?id=9202"],"author":"1","status":"publish","date":"2019-06-14 11:03:34","date_utc":"2019-06-14 09:03:34","modified":"2025-06-01 22:34:51","modified_utc":"2025-06-01 20:34:51","url":"https:\/\/la.fccsm.net\/es\/esdeveniment\/sessio-informativa-6a-edicio-postgrau-salut-mental-collectiva\/","rest_url":"https:\/\/la.fccsm.net\/es\/wp-json\/tribe\/events\/v1\/events\/9202","title":"Sessi\u00f3 informativa 6a Edici\u00f3 Postgrau Salut Mental Col\u00b7lectiva","description":"<p><img decoding=\"async\" class=\"lazyload aligncenter size-full wp-image-9200\" src=\"http:\/\/la.fccsm.net\/wp-content\/uploads\/2019\/06\/sessioinfirmativapostgrau.jpg\" data-orig-src=\"http:\/\/la.fccsm.net\/wp-content\/uploads\/2019\/06\/sessioinfirmativapostgrau.jpg\" alt=\"\" width=\"300\" height=\"238\" srcset=\"data:image\/svg+xml,%3Csvg%20xmlns%3D%27http%3A%2F%2Fwww.w3.org%2F2000%2Fsvg%27%20width%3D%27300%27%20height%3D%27238%27%20viewBox%3D%270%200%20300%20238%27%3E%3Crect%20width%3D%27300%27%20height%3D%27238%27%20fill-opacity%3D%220%22%2F%3E%3C%2Fsvg%3E\" data-srcset=\"https:\/\/la.fccsm.net\/wp-content\/uploads\/2019\/06\/sessioinfirmativapostgrau-15x12.jpg 15w, https:\/\/la.fccsm.net\/wp-content\/uploads\/2019\/06\/sessioinfirmativapostgrau-200x159.jpg 200w, https:\/\/la.fccsm.net\/wp-content\/uploads\/2019\/06\/sessioinfirmativapostgrau.jpg 300w\" data-sizes=\"auto\" data-orig-sizes=\"(max-width: 300px) 100vw, 300px\" \/><\/p>\n<p style=\"text-align: center;\"><strong><span style=\"color: #008080;\">Postgrau en Salut Mental Col\u00b7lectiva &#8211; 6a Edici\u00f3<\/span><\/strong><\/p>\n<p>Us anunciem\u00a0la sessi\u00f3 informativa,\u00a0perqu\u00e8 ens plategeu dubtes, consultes sobre especificitats del programa, etc.<br \/>\nLa sessi\u00f3 tindr\u00e0 lloc el\u00a0dia <strong>20 de juny a les 19 h<\/strong>. al Centre C\u00edvic Convent de Sant Agust\u00ed. C\/ Comer\u00e7 36, Barcelona.<br \/>\nUs recordem que teniu tota la <strong><a href=\"https:\/postgrau-en-salut-mental-collectiva\/\"><span style=\"color: #008080;\">informaci\u00f3<\/span> <\/a><\/strong>disponible de la 6a edici\u00f3 del postgrau.<\/p>\n<p>&nbsp;<\/p>","excerpt":"","slug":"sessio-informativa-6a-edicio-postgrau-salut-mental-collectiva","image":false,"all_day":false,"start_date":"2019-06-20 19:00:00","start_date_details":{"year":"2019","month":"06","day":"20","hour":"19","minutes":"00","seconds":"00"},"end_date":"2019-06-20 20:30:00","end_date_details":{"year":"2019","month":"06","day":"20","hour":"20","minutes":"30","seconds":"00"},"utc_start_date":"2019-06-20 17:00:00","utc_start_date_details":{"year":"2019","month":"06","day":"20","hour":"17","minutes":"00","seconds":"00"},"utc_end_date":"2019-06-20 18:30:00","utc_end_date_details":{"year":"2019","month":"06","day":"20","hour":"18","minutes":"30","seconds":"00"},"timezone":"Europe\/Madrid","timezone_abbr":"CEST","cost":"","cost_details":{"currency_symbol":"\u20ac","currency_code":"EUR","currency_position":"suffix","values":[]},"website":"","show_map":false,"show_map_link":false,"hide_from_listings":false,"sticky":false,"featured":false,"categories":[{"name":"Activitats Formatives","slug":"activitats-formatives","term_group":0,"term_taxonomy_id":222,"taxonomy":"tribe_events_cat","description":"","parent":0,"count":10,"filter":"raw","term_order":"0","id":218,"urls":{"self":"https:\/\/la.fccsm.net\/es\/wp-json\/tribe\/events\/v1\/categories\/218","collection":"https:\/\/la.fccsm.net\/es\/wp-json\/tribe\/events\/v1\/categories"}}],"tags":[],"venue":[],"organizer":[],"custom_fields":[],"json_ld":{"@context":"http:\/\/schema.org","@type":"Event","name":"Sessi\u00f3 informativa 6a Edici\u00f3 Postgrau Salut Mental Col\u00b7lectiva","description":"&lt;p&gt;Postgrau en Salut Mental Col\u00b7lectiva - 6a Edici\u00f3 Us anunciem\u00a0la sessi\u00f3 informativa,\u00a0perqu\u00e8 ens plategeu dubtes, consultes sobre especificitats del programa, etc. La sessi\u00f3 tindr\u00e0 lloc el\u00a0dia 20 de juny a les 19 h. al Centre C\u00edvic Convent de Sant Agust\u00ed. C\/ Comer\u00e7 36, Barcelona. Us recordem que teniu tota la informaci\u00f3 disponible de la 6a  [...]&lt;\/p&gt;\\n","url":"https:\/\/la.fccsm.net\/es\/esdeveniment\/sessio-informativa-6a-edicio-postgrau-salut-mental-collectiva\/","eventAttendanceMode":"https:\/\/schema.org\/OfflineEventAttendanceMode","eventStatus":"https:\/\/schema.org\/EventScheduled","startDate":"2019-06-20T19:00:00+02:00","endDate":"2019-06-20T20:30:00+02:00","performer":"Organization"}}